{"id":607,"date":"2013-04-05T10:49:53","date_gmt":"2013-04-05T08:49:53","guid":{"rendered":"http:\/\/85.10.201.48\/mis.dk\/?p=607"},"modified":"2013-04-05T10:49:53","modified_gmt":"2013-04-05T08:49:53","slug":"15-ars-jubilaeum","status":"publish","type":"post","link":"https:\/\/mis.dk\/sv\/15-ars-jubilaeum\/","title":{"rendered":"15 \u00e5rs jubileum"},"content":{"rendered":"<p>Den 5 april 2013 firar vi v\u00e5rt 15-\u00e5rsjubileum. N\u00e4r vi b\u00f6rjade krossa hade vi en kapacitet p\u00e5 1 000 ton per dag. 15 \u00e5r senare har vi 15 f\u00f6rdubblat kapaciteten s\u00e5 att vi nu \u00e4r uppe i 15 000 ton per dag.<\/p>","protected":false},"excerpt":{"rendered":"<p>Den 5 april 2013 firar vi v\u00e5rt 15-\u00e5rsjubileum. N\u00e4r vi b\u00f6rjade krossa hade vi en kapacitet p\u00e5 1 000 ton per dag. 15 \u00e5r senare har vi 15 f\u00f6rdubblat kapaciteten s\u00e5 att vi nu \u00e4r uppe i 15 000 ton per dag.<\/p>","protected":false},"author":12,"featured_media":0,"comment_status":"closed","ping_status":"closed","sticky":false,"template":"","format":"standard","meta":{"iawp_total_views":19,"footnotes":""},"categories":[4],"tags":[],"class_list":["post-607","post","type-post","status-publish","format-standard","hentry","category-nyheder"],"yoast_head":"<!-- This site is optimized with the Yoast SEO plugin v24.1 - https:\/\/yoast.com\/wordpress\/plugins\/seo\/ -->\n<title>15 \u00e5rs jubil\u00e6um - MIS Recycling<\/title>\n<meta name=\"robots\" content=\"index, follow, max-snippet:-1, max-image-preview:large, max-video-preview:-1\" \/>\n<link rel=\"canonical\" href=\"https:\/\/mis.dk\/sv\/15-ars-jubilaeum\/\" \/>\n<meta property=\"og:locale\" content=\"sv_SE\" \/>\n<meta property=\"og:type\" content=\"article\" \/>\n<meta property=\"og:title\" content=\"15 \u00e5rs jubil\u00e6um - MIS Recycling\" \/>\n<meta property=\"og:description\" content=\"Den 5. april 2013 fejrer vi vores 15 \u00e5rs jubil\u00e6um. Da vi startede med at knuse havde vi en kapacitet p\u00e5 1.000 ton om dagen. 15 \u00e5r efter har vi 15 doblet kapaciteten, s\u00e5 vi nu er oppe p\u00e5 15.000 ton om dagen.\" \/>\n<meta property=\"og:url\" content=\"https:\/\/mis.dk\/sv\/15-ars-jubilaeum\/\" \/>\n<meta property=\"og:site_name\" content=\"MIS Recycling\" \/>\n<meta property=\"article:published_time\" content=\"2013-04-05T08:49:53+00:00\" \/>\n<meta name=\"author\" content=\"Webto\" \/>\n<meta name=\"twitter:card\" content=\"summary_large_image\" \/>\n<meta name=\"twitter:label1\" content=\"Skriven av\" \/>\n\t<meta name=\"twitter:data1\" content=\"Webto\" \/>\n<script type=\"application\/ld+json\" class=\"yoast-schema-graph\">{\"@context\":\"https:\/\/schema.org\",\"@graph\":[{\"@type\":\"Article\",\"@id\":\"https:\/\/mis.dk\/sv\/15-ars-jubilaeum\/#article\",\"isPartOf\":{\"@id\":\"https:\/\/mis.dk\/sv\/15-ars-jubilaeum\/\"},\"author\":{\"name\":\"Webto\",\"@id\":\"https:\/\/mis.dk\/#\/schema\/person\/93f95070d8ea1ae35e1a6074401fbf30\"},\"headline\":\"15 \u00e5rs jubil\u00e6um\",\"datePublished\":\"2013-04-05T08:49:53+00:00\",\"dateModified\":\"2013-04-05T08:49:53+00:00\",\"mainEntityOfPage\":{\"@id\":\"https:\/\/mis.dk\/sv\/15-ars-jubilaeum\/\"},\"wordCount\":40,\"publisher\":{\"@id\":\"https:\/\/mis.dk\/#organization\"},\"articleSection\":[\"Nyheder\"],\"inLanguage\":\"sv-SE\"},{\"@type\":\"WebPage\",\"@id\":\"https:\/\/mis.dk\/sv\/15-ars-jubilaeum\/\",\"url\":\"https:\/\/mis.dk\/sv\/15-ars-jubilaeum\/\",\"name\":\"15 \u00e5rs jubil\u00e6um - MIS Recycling\",\"isPartOf\":{\"@id\":\"https:\/\/mis.dk\/#website\"},\"datePublished\":\"2013-04-05T08:49:53+00:00\",\"dateModified\":\"2013-04-05T08:49:53+00:00\",\"breadcrumb\":{\"@id\":\"https:\/\/mis.dk\/sv\/15-ars-jubilaeum\/#breadcrumb\"},\"inLanguage\":\"sv-SE\",\"potentialAction\":[{\"@type\":\"ReadAction\",\"target\":[\"https:\/\/mis.dk\/sv\/15-ars-jubilaeum\/\"]}]},{\"@type\":\"BreadcrumbList\",\"@id\":\"https:\/\/mis.dk\/sv\/15-ars-jubilaeum\/#breadcrumb\",\"itemListElement\":[{\"@type\":\"ListItem\",\"position\":1,\"name\":\"Hjem\",\"item\":\"https:\/\/mis.dk\/\"},{\"@type\":\"ListItem\",\"position\":2,\"name\":\"15 \u00e5rs jubil\u00e6um\"}]},{\"@type\":\"WebSite\",\"@id\":\"https:\/\/mis.dk\/#website\",\"url\":\"https:\/\/mis.dk\/\",\"name\":\"MIS Recycling\",\"description\":\"GENANVENDELSE ER SUND FORNUFT OG GOD \u00d8KONOMI\",\"publisher\":{\"@id\":\"https:\/\/mis.dk\/#organization\"},\"potentialAction\":[{\"@type\":\"SearchAction\",\"target\":{\"@type\":\"EntryPoint\",\"urlTemplate\":\"https:\/\/mis.dk\/?s={search_term_string}\"},\"query-input\":{\"@type\":\"PropertyValueSpecification\",\"valueRequired\":true,\"valueName\":\"search_term_string\"}}],\"inLanguage\":\"sv-SE\"},{\"@type\":\"Organization\",\"@id\":\"https:\/\/mis.dk\/#organization\",\"name\":\"MIS Recycling\",\"url\":\"https:\/\/mis.dk\/\",\"logo\":{\"@type\":\"ImageObject\",\"inLanguage\":\"sv-SE\",\"@id\":\"https:\/\/mis.dk\/#\/schema\/logo\/image\/\",\"url\":\"https:\/\/mis.dk\/wp-content\/uploads\/2022\/07\/mis-logo.png\",\"contentUrl\":\"https:\/\/mis.dk\/wp-content\/uploads\/2022\/07\/mis-logo.png\",\"width\":110,\"height\":78,\"caption\":\"MIS Recycling\"},\"image\":{\"@id\":\"https:\/\/mis.dk\/#\/schema\/logo\/image\/\"}},{\"@type\":\"Person\",\"@id\":\"https:\/\/mis.dk\/#\/schema\/person\/93f95070d8ea1ae35e1a6074401fbf30\",\"name\":\"Webto\",\"sameAs\":[\"https:\/\/webto.dk\"],\"url\":\"https:\/\/mis.dk\/sv\/author\/kenneth-nielsen\/\"}]}<\/script>\n<!-- \/ Yoast SEO plugin. -->","yoast_head_json":{"title":"15 \u00e5rs jubil\u00e6um - MIS Recycling","robots":{"index":"index","follow":"follow","max-snippet":"max-snippet:-1","max-image-preview":"max-image-preview:large","max-video-preview":"max-video-preview:-1"},"canonical":"https:\/\/mis.dk\/sv\/15-ars-jubilaeum\/","og_locale":"sv_SE","og_type":"article","og_title":"15 \u00e5rs jubil\u00e6um - MIS Recycling","og_description":"Den 5. april 2013 fejrer vi vores 15 \u00e5rs jubil\u00e6um. Da vi startede med at knuse havde vi en kapacitet p\u00e5 1.000 ton om dagen. 15 \u00e5r efter har vi 15 doblet kapaciteten, s\u00e5 vi nu er oppe p\u00e5 15.000 ton om dagen.","og_url":"https:\/\/mis.dk\/sv\/15-ars-jubilaeum\/","og_site_name":"MIS Recycling","article_published_time":"2013-04-05T08:49:53+00:00","author":"Webto","twitter_card":"summary_large_image","twitter_misc":{"Skriven av":"Webto"},"schema":{"@context":"https:\/\/schema.org","@graph":[{"@type":"Article","@id":"https:\/\/mis.dk\/sv\/15-ars-jubilaeum\/#article","isPartOf":{"@id":"https:\/\/mis.dk\/sv\/15-ars-jubilaeum\/"},"author":{"name":"Webto","@id":"https:\/\/mis.dk\/#\/schema\/person\/93f95070d8ea1ae35e1a6074401fbf30"},"headline":"15 \u00e5rs jubil\u00e6um","datePublished":"2013-04-05T08:49:53+00:00","dateModified":"2013-04-05T08:49:53+00:00","mainEntityOfPage":{"@id":"https:\/\/mis.dk\/sv\/15-ars-jubilaeum\/"},"wordCount":40,"publisher":{"@id":"https:\/\/mis.dk\/#organization"},"articleSection":["Nyheder"],"inLanguage":"sv-SE"},{"@type":"WebPage","@id":"https:\/\/mis.dk\/sv\/15-ars-jubilaeum\/","url":"https:\/\/mis.dk\/sv\/15-ars-jubilaeum\/","name":"15 \u00e5rs jubil\u00e6um - MIS Recycling","isPartOf":{"@id":"https:\/\/mis.dk\/#website"},"datePublished":"2013-04-05T08:49:53+00:00","dateModified":"2013-04-05T08:49:53+00:00","breadcrumb":{"@id":"https:\/\/mis.dk\/sv\/15-ars-jubilaeum\/#breadcrumb"},"inLanguage":"sv-SE","potentialAction":[{"@type":"ReadAction","target":["https:\/\/mis.dk\/sv\/15-ars-jubilaeum\/"]}]},{"@type":"BreadcrumbList","@id":"https:\/\/mis.dk\/sv\/15-ars-jubilaeum\/#breadcrumb","itemListElement":[{"@type":"ListItem","position":1,"name":"Hjem","item":"https:\/\/mis.dk\/"},{"@type":"ListItem","position":2,"name":"15 \u00e5rs jubil\u00e6um"}]},{"@type":"WebSite","@id":"https:\/\/mis.dk\/#website","url":"https:\/\/mis.dk\/","name":"MIS Recycling","description":"GENANVENDELSE ER SUND FORNUFT OG GOD \u00d8KONOMI","publisher":{"@id":"https:\/\/mis.dk\/#organization"},"potentialAction":[{"@type":"SearchAction","target":{"@type":"EntryPoint","urlTemplate":"https:\/\/mis.dk\/?s={search_term_string}"},"query-input":{"@type":"PropertyValueSpecification","valueRequired":true,"valueName":"search_term_string"}}],"inLanguage":"sv-SE"},{"@type":"Organization","@id":"https:\/\/mis.dk\/#organization","name":"MIS Recycling","url":"https:\/\/mis.dk\/","logo":{"@type":"ImageObject","inLanguage":"sv-SE","@id":"https:\/\/mis.dk\/#\/schema\/logo\/image\/","url":"https:\/\/mis.dk\/wp-content\/uploads\/2022\/07\/mis-logo.png","contentUrl":"https:\/\/mis.dk\/wp-content\/uploads\/2022\/07\/mis-logo.png","width":110,"height":78,"caption":"MIS Recycling"},"image":{"@id":"https:\/\/mis.dk\/#\/schema\/logo\/image\/"}},{"@type":"Person","@id":"https:\/\/mis.dk\/#\/schema\/person\/93f95070d8ea1ae35e1a6074401fbf30","name":"Webto","sameAs":["https:\/\/webto.dk"],"url":"https:\/\/mis.dk\/sv\/author\/kenneth-nielsen\/"}]}},"_links":{"self":[{"href":"https:\/\/mis.dk\/sv\/wp-json\/wp\/v2\/posts\/607","targetHints":{"allow":["GET"]}}],"collection":[{"href":"https:\/\/mis.dk\/sv\/wp-json\/wp\/v2\/posts"}],"about":[{"href":"https:\/\/mis.dk\/sv\/wp-json\/wp\/v2\/types\/post"}],"author":[{"embeddable":true,"href":"https:\/\/mis.dk\/sv\/wp-json\/wp\/v2\/users\/12"}],"replies":[{"embeddable":true,"href":"https:\/\/mis.dk\/sv\/wp-json\/wp\/v2\/comments?post=607"}],"version-history":[{"count":0,"href":"https:\/\/mis.dk\/sv\/wp-json\/wp\/v2\/posts\/607\/revisions"}],"wp:attachment":[{"href":"https:\/\/mis.dk\/sv\/wp-json\/wp\/v2\/media?parent=607"}],"wp:term":[{"taxonomy":"category","embeddable":true,"href":"https:\/\/mis.dk\/sv\/wp-json\/wp\/v2\/categories?post=607"},{"taxonomy":"post_tag","embeddable":true,"href":"https:\/\/mis.dk\/sv\/wp-json\/wp\/v2\/tags?post=607"}],"curies":[{"name":"wp","href":"https:\/\/api.w.org\/{rel}","templated":true}]}}