{"id":3672,"date":"2015-03-09T20:10:46","date_gmt":"2015-03-09T19:10:46","guid":{"rendered":"https:\/\/mis.dk\/aededolke-med-foraarsfornemmelser\/"},"modified":"2019-06-24T11:20:36","modified_gmt":"2019-06-24T09:20:36","slug":"matvrak-med-vaarkanslor","status":"publish","type":"post","link":"https:\/\/mis.dk\/sv\/matvrak-med-vaarkanslor\/","title":{"rendered":"Matvrak med v\u00e5rk\u00e4nslor"},"content":{"rendered":"<p>Kalendern visar att det \u00e4r mars m\u00e5nad och \u00e4ven om det fortfarande \u00e4r lite kallt ute \u00e4r de m\u00f6rka vinterm\u00e5naderna \u00f6ver. V\u00e5ren \u00e4r h\u00e4r och vi \u00e4r redo att t\u00e4nda ljuset under det halv\u00e5r n\u00e4r v\u00e5r verksamhet \u00e4r p\u00e5 topp.<\/p>\n<p>Vi har anv\u00e4nt vintern till att byta ut delar av v\u00e5rt material. B\u00e5de det tunga maskineriet och v\u00e5r manskapsvagn som nu tydligt visar att vi \u00e4r ALLA, HUNGRIGA och HUNGRIGE. Det \u00e4r lika sant som det \u00e4r skrivet. Till v\u00e5ra 50 duktiga matrester m\u00f6ter vi dig och dina projekt inom krossning, nedbrytning och sortering, var du \u00e4n befinner dig, dygnet runt, \u00e5ret om.<\/p>","protected":false},"excerpt":{"rendered":"<p>Kalendern visar att det \u00e4r mars m\u00e5nad och \u00e4ven om det fortfarande \u00e4r lite kallt ute \u00e4r de m\u00f6rka vinterm\u00e5naderna \u00f6ver. V\u00e5ren \u00e4r h\u00e4r och vi \u00e4r redo att t\u00e4nda ljuset under det halv\u00e5r n\u00e4r v\u00e5r verksamhet \u00e4r p\u00e5 topp. Vi har anv\u00e4nt vintern till att byta ut delar av v\u00e5rt material. B\u00e5de de tunga [...]<\/p>","protected":false},"author":12,"featured_media":3240,"comment_status":"closed","ping_status":"closed","sticky":false,"template":"","format":"standard","meta":{"iawp_total_views":12,"footnotes":""},"categories":[9],"tags":[],"class_list":["post-3672","post","type-post","status-publish","format-standard","has-post-thumbnail","hentry","category-nyheder-sv"],"yoast_head":"<!-- This site is optimized with the Yoast SEO plugin v24.1 - https:\/\/yoast.com\/wordpress\/plugins\/seo\/ -->\n<title>Matvrak med v\u00e5rk\u00e4nslor - MIS Recycling<\/title>\n<meta name=\"robots\" content=\"index, follow, max-snippet:-1, max-image-preview:large, max-video-preview:-1\" \/>\n<link rel=\"canonical\" href=\"https:\/\/mis.dk\/sv\/matvrak-med-vaarkanslor\/\" \/>\n<meta property=\"og:locale\" content=\"sv_SE\" \/>\n<meta property=\"og:type\" content=\"article\" \/>\n<meta property=\"og:title\" content=\"Matvrak med v\u00e5rk\u00e4nslor - MIS Recycling\" \/>\n<meta property=\"og:description\" content=\"Kalendern visar att det \u00e4r mars m\u00e5nad, och \u00e4ven om det fortfarande \u00e4r lite kallt ute, \u00e4r de m\u00f6rka vinterm\u00e5naderna f\u00f6rbi. V\u00e5ren \u00e4r h\u00e4r och vi \u00e4r redo att s\u00e4tta t\u00e4nderna i det halv\u00e5r d\u00e5 v\u00e5r verksamhet \u00e4r som st\u00f6rst. Vi har anv\u00e4nt vintern till att byta ut delar av v\u00e5rt material. B\u00e5de de tunga [&hellip;]\" \/>\n<meta property=\"og:url\" content=\"https:\/\/mis.dk\/sv\/matvrak-med-vaarkanslor\/\" \/>\n<meta property=\"og:site_name\" content=\"MIS Recycling\" \/>\n<meta property=\"article:published_time\" content=\"2015-03-09T19:10:46+00:00\" \/>\n<meta property=\"article:modified_time\" content=\"2019-06-24T09:20:36+00:00\" \/>\n<meta property=\"og:image\" content=\"https:\/\/mis.dk\/wp-content\/uploads\/2018\/11\/skurvogn_aededolk_1160px_2.jpg\" \/>\n\t<meta property=\"og:image:width\" content=\"1160\" \/>\n\t<meta property=\"og:image:height\" content=\"870\" \/>\n\t<meta property=\"og:image:type\" content=\"image\/jpeg\" \/>\n<meta name=\"author\" content=\"Webto\" \/>\n<meta name=\"twitter:card\" content=\"summary_large_image\" \/>\n<meta name=\"twitter:label1\" content=\"Skriven av\" \/>\n\t<meta name=\"twitter:data1\" content=\"Webto\" \/>\n\t<meta name=\"twitter:label2\" content=\"Ber\u00e4knad l\u00e4stid\" \/>\n\t<meta name=\"twitter:data2\" content=\"1 minut\" \/>\n<script type=\"application\/ld+json\" class=\"yoast-schema-graph\">{\"@context\":\"https:\/\/schema.org\",\"@graph\":[{\"@type\":\"Article\",\"@id\":\"https:\/\/mis.dk\/sv\/matvrak-med-vaarkanslor\/#article\",\"isPartOf\":{\"@id\":\"https:\/\/mis.dk\/sv\/matvrak-med-vaarkanslor\/\"},\"author\":{\"name\":\"Webto\",\"@id\":\"https:\/\/mis.dk\/#\/schema\/person\/93f95070d8ea1ae35e1a6074401fbf30\"},\"headline\":\"Matvrak med v\u00e5rk\u00e4nslor\",\"datePublished\":\"2015-03-09T19:10:46+00:00\",\"dateModified\":\"2019-06-24T09:20:36+00:00\",\"mainEntityOfPage\":{\"@id\":\"https:\/\/mis.dk\/sv\/matvrak-med-vaarkanslor\/\"},\"wordCount\":124,\"publisher\":{\"@id\":\"https:\/\/mis.dk\/#organization\"},\"image\":{\"@id\":\"https:\/\/mis.dk\/sv\/matvrak-med-vaarkanslor\/#primaryimage\"},\"thumbnailUrl\":\"https:\/\/mis.dk\/wp-content\/uploads\/2018\/11\/skurvogn_aededolk_1160px_2.jpg\",\"articleSection\":[\"Nyheder\"],\"inLanguage\":\"sv-SE\"},{\"@type\":\"WebPage\",\"@id\":\"https:\/\/mis.dk\/sv\/matvrak-med-vaarkanslor\/\",\"url\":\"https:\/\/mis.dk\/sv\/matvrak-med-vaarkanslor\/\",\"name\":\"Matvrak med v\u00e5rk\u00e4nslor - MIS Recycling\",\"isPartOf\":{\"@id\":\"https:\/\/mis.dk\/#website\"},\"primaryImageOfPage\":{\"@id\":\"https:\/\/mis.dk\/sv\/matvrak-med-vaarkanslor\/#primaryimage\"},\"image\":{\"@id\":\"https:\/\/mis.dk\/sv\/matvrak-med-vaarkanslor\/#primaryimage\"},\"thumbnailUrl\":\"https:\/\/mis.dk\/wp-content\/uploads\/2018\/11\/skurvogn_aededolk_1160px_2.jpg\",\"datePublished\":\"2015-03-09T19:10:46+00:00\",\"dateModified\":\"2019-06-24T09:20:36+00:00\",\"breadcrumb\":{\"@id\":\"https:\/\/mis.dk\/sv\/matvrak-med-vaarkanslor\/#breadcrumb\"},\"inLanguage\":\"sv-SE\",\"potentialAction\":[{\"@type\":\"ReadAction\",\"target\":[\"https:\/\/mis.dk\/sv\/matvrak-med-vaarkanslor\/\"]}]},{\"@type\":\"ImageObject\",\"inLanguage\":\"sv-SE\",\"@id\":\"https:\/\/mis.dk\/sv\/matvrak-med-vaarkanslor\/#primaryimage\",\"url\":\"https:\/\/mis.dk\/wp-content\/uploads\/2018\/11\/skurvogn_aededolk_1160px_2.jpg\",\"contentUrl\":\"https:\/\/mis.dk\/wp-content\/uploads\/2018\/11\/skurvogn_aededolk_1160px_2.jpg\",\"width\":1160,\"height\":870},{\"@type\":\"BreadcrumbList\",\"@id\":\"https:\/\/mis.dk\/sv\/matvrak-med-vaarkanslor\/#breadcrumb\",\"itemListElement\":[{\"@type\":\"ListItem\",\"position\":1,\"name\":\"Hjem\",\"item\":\"https:\/\/mis.dk\/\"},{\"@type\":\"ListItem\",\"position\":2,\"name\":\"Matvrak med v\u00e5rk\u00e4nslor\"}]},{\"@type\":\"WebSite\",\"@id\":\"https:\/\/mis.dk\/#website\",\"url\":\"https:\/\/mis.dk\/\",\"name\":\"MIS Recycling\",\"description\":\"GENANVENDELSE ER SUND FORNUFT OG GOD \u00d8KONOMI\",\"publisher\":{\"@id\":\"https:\/\/mis.dk\/#organization\"},\"potentialAction\":[{\"@type\":\"SearchAction\",\"target\":{\"@type\":\"EntryPoint\",\"urlTemplate\":\"https:\/\/mis.dk\/?s={search_term_string}\"},\"query-input\":{\"@type\":\"PropertyValueSpecification\",\"valueRequired\":true,\"valueName\":\"search_term_string\"}}],\"inLanguage\":\"sv-SE\"},{\"@type\":\"Organization\",\"@id\":\"https:\/\/mis.dk\/#organization\",\"name\":\"MIS Recycling\",\"url\":\"https:\/\/mis.dk\/\",\"logo\":{\"@type\":\"ImageObject\",\"inLanguage\":\"sv-SE\",\"@id\":\"https:\/\/mis.dk\/#\/schema\/logo\/image\/\",\"url\":\"https:\/\/mis.dk\/wp-content\/uploads\/2022\/07\/mis-logo.png\",\"contentUrl\":\"https:\/\/mis.dk\/wp-content\/uploads\/2022\/07\/mis-logo.png\",\"width\":110,\"height\":78,\"caption\":\"MIS Recycling\"},\"image\":{\"@id\":\"https:\/\/mis.dk\/#\/schema\/logo\/image\/\"}},{\"@type\":\"Person\",\"@id\":\"https:\/\/mis.dk\/#\/schema\/person\/93f95070d8ea1ae35e1a6074401fbf30\",\"name\":\"Webto\",\"sameAs\":[\"https:\/\/webto.dk\"],\"url\":\"https:\/\/mis.dk\/sv\/author\/kenneth-nielsen\/\"}]}<\/script>\n<!-- \/ Yoast SEO plugin. -->","yoast_head_json":{"title":"Matvrak med v\u00e5rk\u00e4nslor - MIS Recycling","robots":{"index":"index","follow":"follow","max-snippet":"max-snippet:-1","max-image-preview":"max-image-preview:large","max-video-preview":"max-video-preview:-1"},"canonical":"https:\/\/mis.dk\/sv\/matvrak-med-vaarkanslor\/","og_locale":"sv_SE","og_type":"article","og_title":"Matvrak med v\u00e5rk\u00e4nslor - MIS Recycling","og_description":"Kalendern visar att det \u00e4r mars m\u00e5nad, och \u00e4ven om det fortfarande \u00e4r lite kallt ute, \u00e4r de m\u00f6rka vinterm\u00e5naderna f\u00f6rbi. V\u00e5ren \u00e4r h\u00e4r och vi \u00e4r redo att s\u00e4tta t\u00e4nderna i det halv\u00e5r d\u00e5 v\u00e5r verksamhet \u00e4r som st\u00f6rst. Vi har anv\u00e4nt vintern till att byta ut delar av v\u00e5rt material. B\u00e5de de tunga [&hellip;]","og_url":"https:\/\/mis.dk\/sv\/matvrak-med-vaarkanslor\/","og_site_name":"MIS Recycling","article_published_time":"2015-03-09T19:10:46+00:00","article_modified_time":"2019-06-24T09:20:36+00:00","og_image":[{"width":1160,"height":870,"url":"https:\/\/mis.dk\/wp-content\/uploads\/2018\/11\/skurvogn_aededolk_1160px_2.jpg","type":"image\/jpeg"}],"author":"Webto","twitter_card":"summary_large_image","twitter_misc":{"Skriven av":"Webto","Ber\u00e4knad l\u00e4stid":"1 minut"},"schema":{"@context":"https:\/\/schema.org","@graph":[{"@type":"Article","@id":"https:\/\/mis.dk\/sv\/matvrak-med-vaarkanslor\/#article","isPartOf":{"@id":"https:\/\/mis.dk\/sv\/matvrak-med-vaarkanslor\/"},"author":{"name":"Webto","@id":"https:\/\/mis.dk\/#\/schema\/person\/93f95070d8ea1ae35e1a6074401fbf30"},"headline":"Matvrak med v\u00e5rk\u00e4nslor","datePublished":"2015-03-09T19:10:46+00:00","dateModified":"2019-06-24T09:20:36+00:00","mainEntityOfPage":{"@id":"https:\/\/mis.dk\/sv\/matvrak-med-vaarkanslor\/"},"wordCount":124,"publisher":{"@id":"https:\/\/mis.dk\/#organization"},"image":{"@id":"https:\/\/mis.dk\/sv\/matvrak-med-vaarkanslor\/#primaryimage"},"thumbnailUrl":"https:\/\/mis.dk\/wp-content\/uploads\/2018\/11\/skurvogn_aededolk_1160px_2.jpg","articleSection":["Nyheder"],"inLanguage":"sv-SE"},{"@type":"WebPage","@id":"https:\/\/mis.dk\/sv\/matvrak-med-vaarkanslor\/","url":"https:\/\/mis.dk\/sv\/matvrak-med-vaarkanslor\/","name":"Matvrak med v\u00e5rk\u00e4nslor - MIS Recycling","isPartOf":{"@id":"https:\/\/mis.dk\/#website"},"primaryImageOfPage":{"@id":"https:\/\/mis.dk\/sv\/matvrak-med-vaarkanslor\/#primaryimage"},"image":{"@id":"https:\/\/mis.dk\/sv\/matvrak-med-vaarkanslor\/#primaryimage"},"thumbnailUrl":"https:\/\/mis.dk\/wp-content\/uploads\/2018\/11\/skurvogn_aededolk_1160px_2.jpg","datePublished":"2015-03-09T19:10:46+00:00","dateModified":"2019-06-24T09:20:36+00:00","breadcrumb":{"@id":"https:\/\/mis.dk\/sv\/matvrak-med-vaarkanslor\/#breadcrumb"},"inLanguage":"sv-SE","potentialAction":[{"@type":"ReadAction","target":["https:\/\/mis.dk\/sv\/matvrak-med-vaarkanslor\/"]}]},{"@type":"ImageObject","inLanguage":"sv-SE","@id":"https:\/\/mis.dk\/sv\/matvrak-med-vaarkanslor\/#primaryimage","url":"https:\/\/mis.dk\/wp-content\/uploads\/2018\/11\/skurvogn_aededolk_1160px_2.jpg","contentUrl":"https:\/\/mis.dk\/wp-content\/uploads\/2018\/11\/skurvogn_aededolk_1160px_2.jpg","width":1160,"height":870},{"@type":"BreadcrumbList","@id":"https:\/\/mis.dk\/sv\/matvrak-med-vaarkanslor\/#breadcrumb","itemListElement":[{"@type":"ListItem","position":1,"name":"Hjem","item":"https:\/\/mis.dk\/"},{"@type":"ListItem","position":2,"name":"Matvrak med v\u00e5rk\u00e4nslor"}]},{"@type":"WebSite","@id":"https:\/\/mis.dk\/#website","url":"https:\/\/mis.dk\/","name":"MIS Recycling","description":"GENANVENDELSE ER SUND FORNUFT OG GOD \u00d8KONOMI","publisher":{"@id":"https:\/\/mis.dk\/#organization"},"potentialAction":[{"@type":"SearchAction","target":{"@type":"EntryPoint","urlTemplate":"https:\/\/mis.dk\/?s={search_term_string}"},"query-input":{"@type":"PropertyValueSpecification","valueRequired":true,"valueName":"search_term_string"}}],"inLanguage":"sv-SE"},{"@type":"Organization","@id":"https:\/\/mis.dk\/#organization","name":"MIS Recycling","url":"https:\/\/mis.dk\/","logo":{"@type":"ImageObject","inLanguage":"sv-SE","@id":"https:\/\/mis.dk\/#\/schema\/logo\/image\/","url":"https:\/\/mis.dk\/wp-content\/uploads\/2022\/07\/mis-logo.png","contentUrl":"https:\/\/mis.dk\/wp-content\/uploads\/2022\/07\/mis-logo.png","width":110,"height":78,"caption":"MIS Recycling"},"image":{"@id":"https:\/\/mis.dk\/#\/schema\/logo\/image\/"}},{"@type":"Person","@id":"https:\/\/mis.dk\/#\/schema\/person\/93f95070d8ea1ae35e1a6074401fbf30","name":"Webto","sameAs":["https:\/\/webto.dk"],"url":"https:\/\/mis.dk\/sv\/author\/kenneth-nielsen\/"}]}},"_links":{"self":[{"href":"https:\/\/mis.dk\/sv\/wp-json\/wp\/v2\/posts\/3672","targetHints":{"allow":["GET"]}}],"collection":[{"href":"https:\/\/mis.dk\/sv\/wp-json\/wp\/v2\/posts"}],"about":[{"href":"https:\/\/mis.dk\/sv\/wp-json\/wp\/v2\/types\/post"}],"author":[{"embeddable":true,"href":"https:\/\/mis.dk\/sv\/wp-json\/wp\/v2\/users\/12"}],"replies":[{"embeddable":true,"href":"https:\/\/mis.dk\/sv\/wp-json\/wp\/v2\/comments?post=3672"}],"version-history":[{"count":1,"href":"https:\/\/mis.dk\/sv\/wp-json\/wp\/v2\/posts\/3672\/revisions"}],"predecessor-version":[{"id":3673,"href":"https:\/\/mis.dk\/sv\/wp-json\/wp\/v2\/posts\/3672\/revisions\/3673"}],"wp:featuredmedia":[{"embeddable":true,"href":"https:\/\/mis.dk\/sv\/wp-json\/wp\/v2\/media\/3240"}],"wp:attachment":[{"href":"https:\/\/mis.dk\/sv\/wp-json\/wp\/v2\/media?parent=3672"}],"wp:term":[{"taxonomy":"category","embeddable":true,"href":"https:\/\/mis.dk\/sv\/wp-json\/wp\/v2\/categories?post=3672"},{"taxonomy":"post_tag","embeddable":true,"href":"https:\/\/mis.dk\/sv\/wp-json\/wp\/v2\/tags?post=3672"}],"curies":[{"name":"wp","href":"https:\/\/api.w.org\/{rel}","templated":true}]}}