{"id":2015,"date":"2015-02-27T20:04:29","date_gmt":"2015-02-27T19:04:29","guid":{"rendered":"http:\/\/mis.dk\/?p=2015"},"modified":"2019-06-20T10:45:53","modified_gmt":"2019-06-20T08:45:53","slug":"neddeling-ogsaa-i-sverige","status":"publish","type":"post","link":"https:\/\/mis.dk\/sv\/neddeling-ogsaa-i-sverige\/","title":{"rendered":"F\u00f6rdelning i b\u00e5de Danmark och Sverige"},"content":{"rendered":"<p>Sensommaren 2014 b\u00f6rjade vi s\u00e5ga och sortera avfallsved och organiskt material p\u00e5 v\u00e5r nya mobila kap- och stj\u00e4rnsikt. B\u00e5da anl\u00e4ggningarna har sedan dess arbetat under h\u00f6gt tryck f\u00f6r att omvandla tr\u00e4avfall och gr\u00f6navfall till v\u00e4rdefullt biobr\u00e4nsle f\u00f6r v\u00e5ra kunder i b\u00e5de Danmark och Sverige.<\/p>\n<p>Vill du veta mer om hur vi \u00e4ven kan hj\u00e4lpa dig att bryta ner till exempel europallar, tr\u00e4l\u00e5dor, tryckimpregnerat tr\u00e4, tr\u00e4dg\u00e5rds- och parkavfall, tr\u00e4dr\u00f6tter, stubbar och stubbar, ring Henrik Hvid p\u00e5 31 73 03 03 .<\/p>\n<p><a title=\"Neddelning\" href=\"https:\/\/mis.dk\/sv\/neddeling\/\">L\u00e4s mer om haveri h\u00e4r &gt;<\/a><\/p>","protected":false},"excerpt":{"rendered":"<p>Sensommaren 2014 b\u00f6rjade vi f\u00e4lla och sortera tr\u00e4avfall och organiskt material p\u00e5 v\u00e5r nya mobila kap- och stj\u00e4rnsikt. B\u00e5da anl\u00e4ggningarna har sedan dess arbetat under h\u00f6gt tryck f\u00f6r att omvandla tr\u00e4avfall och gr\u00f6navfall till v\u00e4rdefullt biobr\u00e4nsle f\u00f6r v\u00e5ra kunder i b\u00e5de Danmark och Sverige. Vill du veta mer om hur vi ocks\u00e5 kan hj\u00e4lpa [...]<\/p>","protected":false},"author":12,"featured_media":2269,"comment_status":"closed","ping_status":"closed","sticky":false,"template":"","format":"standard","meta":{"iawp_total_views":14,"footnotes":""},"categories":[4],"tags":[],"class_list":["post-2015","post","type-post","status-publish","format-standard","has-post-thumbnail","hentry","category-nyheder"],"yoast_head":"<!-- This site is optimized with the Yoast SEO plugin v24.1 - https:\/\/yoast.com\/wordpress\/plugins\/seo\/ -->\n<title>Neddeling i b\u00e5de Danmark og Sverige - MIS Recycling<\/title>\n<meta name=\"robots\" content=\"index, follow, max-snippet:-1, max-image-preview:large, max-video-preview:-1\" \/>\n<link rel=\"canonical\" href=\"https:\/\/mis.dk\/sv\/neddeling-ogsaa-i-sverige\/\" \/>\n<meta property=\"og:locale\" content=\"sv_SE\" \/>\n<meta property=\"og:type\" content=\"article\" \/>\n<meta property=\"og:title\" content=\"Neddeling i b\u00e5de Danmark og Sverige - MIS Recycling\" \/>\n<meta property=\"og:description\" content=\"I sensommeren 2014 begyndte vi at neddele og sortere affaldstr\u00e6 og organisk materiale p\u00e5 vores nye mobile neddeler og stjernesigte. Begge anl\u00e6g har siden arbejdet p\u00e5 h\u00f8jtryk med at forvandle affaldstr\u00e6 og gr\u00f8nt affald til v\u00e6rdifuld biobr\u00e6ndsel hos vores kunder i b\u00e5de Danmark og Sverige. Vil du vide mere om hvordan vi ogs\u00e5 kan hj\u00e6lpe [&hellip;]\" \/>\n<meta property=\"og:url\" content=\"https:\/\/mis.dk\/sv\/neddeling-ogsaa-i-sverige\/\" \/>\n<meta property=\"og:site_name\" content=\"MIS Recycling\" \/>\n<meta property=\"article:published_time\" content=\"2015-02-27T19:04:29+00:00\" \/>\n<meta property=\"article:modified_time\" content=\"2019-06-20T08:45:53+00:00\" \/>\n<meta property=\"og:image\" content=\"https:\/\/mis.dk\/wp-content\/uploads\/2015\/02\/Neddeling_1160px.jpg\" \/>\n\t<meta property=\"og:image:width\" content=\"1160\" \/>\n\t<meta property=\"og:image:height\" content=\"870\" \/>\n\t<meta property=\"og:image:type\" content=\"image\/jpeg\" \/>\n<meta name=\"author\" content=\"Webto\" \/>\n<meta name=\"twitter:card\" content=\"summary_large_image\" \/>\n<meta name=\"twitter:label1\" content=\"Skriven av\" \/>\n\t<meta name=\"twitter:data1\" content=\"Webto\" \/>\n<script type=\"application\/ld+json\" class=\"yoast-schema-graph\">{\"@context\":\"https:\/\/schema.org\",\"@graph\":[{\"@type\":\"Article\",\"@id\":\"https:\/\/mis.dk\/neddeling-ogsaa-i-sverige\/#article\",\"isPartOf\":{\"@id\":\"https:\/\/mis.dk\/neddeling-ogsaa-i-sverige\/\"},\"author\":{\"name\":\"Webto\",\"@id\":\"https:\/\/mis.dk\/#\/schema\/person\/93f95070d8ea1ae35e1a6074401fbf30\"},\"headline\":\"Neddeling i b\u00e5de Danmark og Sverige\",\"datePublished\":\"2015-02-27T19:04:29+00:00\",\"dateModified\":\"2019-06-20T08:45:53+00:00\",\"mainEntityOfPage\":{\"@id\":\"https:\/\/mis.dk\/neddeling-ogsaa-i-sverige\/\"},\"wordCount\":103,\"publisher\":{\"@id\":\"https:\/\/mis.dk\/#organization\"},\"image\":{\"@id\":\"https:\/\/mis.dk\/neddeling-ogsaa-i-sverige\/#primaryimage\"},\"thumbnailUrl\":\"https:\/\/mis.dk\/wp-content\/uploads\/2015\/02\/Neddeling_1160px.jpg\",\"articleSection\":[\"Nyheder\"],\"inLanguage\":\"sv-SE\"},{\"@type\":\"WebPage\",\"@id\":\"https:\/\/mis.dk\/neddeling-ogsaa-i-sverige\/\",\"url\":\"https:\/\/mis.dk\/neddeling-ogsaa-i-sverige\/\",\"name\":\"Neddeling i b\u00e5de Danmark og Sverige - MIS Recycling\",\"isPartOf\":{\"@id\":\"https:\/\/mis.dk\/#website\"},\"primaryImageOfPage\":{\"@id\":\"https:\/\/mis.dk\/neddeling-ogsaa-i-sverige\/#primaryimage\"},\"image\":{\"@id\":\"https:\/\/mis.dk\/neddeling-ogsaa-i-sverige\/#primaryimage\"},\"thumbnailUrl\":\"https:\/\/mis.dk\/wp-content\/uploads\/2015\/02\/Neddeling_1160px.jpg\",\"datePublished\":\"2015-02-27T19:04:29+00:00\",\"dateModified\":\"2019-06-20T08:45:53+00:00\",\"breadcrumb\":{\"@id\":\"https:\/\/mis.dk\/neddeling-ogsaa-i-sverige\/#breadcrumb\"},\"inLanguage\":\"sv-SE\",\"potentialAction\":[{\"@type\":\"ReadAction\",\"target\":[\"https:\/\/mis.dk\/neddeling-ogsaa-i-sverige\/\"]}]},{\"@type\":\"ImageObject\",\"inLanguage\":\"sv-SE\",\"@id\":\"https:\/\/mis.dk\/neddeling-ogsaa-i-sverige\/#primaryimage\",\"url\":\"https:\/\/mis.dk\/wp-content\/uploads\/2015\/02\/Neddeling_1160px.jpg\",\"contentUrl\":\"https:\/\/mis.dk\/wp-content\/uploads\/2015\/02\/Neddeling_1160px.jpg\",\"width\":1160,\"height\":870},{\"@type\":\"BreadcrumbList\",\"@id\":\"https:\/\/mis.dk\/neddeling-ogsaa-i-sverige\/#breadcrumb\",\"itemListElement\":[{\"@type\":\"ListItem\",\"position\":1,\"name\":\"Hjem\",\"item\":\"https:\/\/mis.dk\/\"},{\"@type\":\"ListItem\",\"position\":2,\"name\":\"Neddeling i b\u00e5de Danmark og Sverige\"}]},{\"@type\":\"WebSite\",\"@id\":\"https:\/\/mis.dk\/#website\",\"url\":\"https:\/\/mis.dk\/\",\"name\":\"MIS Recycling\",\"description\":\"GENANVENDELSE ER SUND FORNUFT OG GOD \u00d8KONOMI\",\"publisher\":{\"@id\":\"https:\/\/mis.dk\/#organization\"},\"potentialAction\":[{\"@type\":\"SearchAction\",\"target\":{\"@type\":\"EntryPoint\",\"urlTemplate\":\"https:\/\/mis.dk\/?s={search_term_string}\"},\"query-input\":{\"@type\":\"PropertyValueSpecification\",\"valueRequired\":true,\"valueName\":\"search_term_string\"}}],\"inLanguage\":\"sv-SE\"},{\"@type\":\"Organization\",\"@id\":\"https:\/\/mis.dk\/#organization\",\"name\":\"MIS Recycling\",\"url\":\"https:\/\/mis.dk\/\",\"logo\":{\"@type\":\"ImageObject\",\"inLanguage\":\"sv-SE\",\"@id\":\"https:\/\/mis.dk\/#\/schema\/logo\/image\/\",\"url\":\"https:\/\/mis.dk\/wp-content\/uploads\/2022\/07\/mis-logo.png\",\"contentUrl\":\"https:\/\/mis.dk\/wp-content\/uploads\/2022\/07\/mis-logo.png\",\"width\":110,\"height\":78,\"caption\":\"MIS Recycling\"},\"image\":{\"@id\":\"https:\/\/mis.dk\/#\/schema\/logo\/image\/\"}},{\"@type\":\"Person\",\"@id\":\"https:\/\/mis.dk\/#\/schema\/person\/93f95070d8ea1ae35e1a6074401fbf30\",\"name\":\"Webto\",\"sameAs\":[\"https:\/\/webto.dk\"],\"url\":\"https:\/\/mis.dk\/sv\/author\/kenneth-nielsen\/\"}]}<\/script>\n<!-- \/ Yoast SEO plugin. -->","yoast_head_json":{"title":"Neddeling i b\u00e5de Danmark og Sverige - MIS Recycling","robots":{"index":"index","follow":"follow","max-snippet":"max-snippet:-1","max-image-preview":"max-image-preview:large","max-video-preview":"max-video-preview:-1"},"canonical":"https:\/\/mis.dk\/sv\/neddeling-ogsaa-i-sverige\/","og_locale":"sv_SE","og_type":"article","og_title":"Neddeling i b\u00e5de Danmark og Sverige - MIS Recycling","og_description":"I sensommeren 2014 begyndte vi at neddele og sortere affaldstr\u00e6 og organisk materiale p\u00e5 vores nye mobile neddeler og stjernesigte. Begge anl\u00e6g har siden arbejdet p\u00e5 h\u00f8jtryk med at forvandle affaldstr\u00e6 og gr\u00f8nt affald til v\u00e6rdifuld biobr\u00e6ndsel hos vores kunder i b\u00e5de Danmark og Sverige. Vil du vide mere om hvordan vi ogs\u00e5 kan hj\u00e6lpe [&hellip;]","og_url":"https:\/\/mis.dk\/sv\/neddeling-ogsaa-i-sverige\/","og_site_name":"MIS Recycling","article_published_time":"2015-02-27T19:04:29+00:00","article_modified_time":"2019-06-20T08:45:53+00:00","og_image":[{"width":1160,"height":870,"url":"https:\/\/mis.dk\/wp-content\/uploads\/2015\/02\/Neddeling_1160px.jpg","type":"image\/jpeg"}],"author":"Webto","twitter_card":"summary_large_image","twitter_misc":{"Skriven av":"Webto"},"schema":{"@context":"https:\/\/schema.org","@graph":[{"@type":"Article","@id":"https:\/\/mis.dk\/neddeling-ogsaa-i-sverige\/#article","isPartOf":{"@id":"https:\/\/mis.dk\/neddeling-ogsaa-i-sverige\/"},"author":{"name":"Webto","@id":"https:\/\/mis.dk\/#\/schema\/person\/93f95070d8ea1ae35e1a6074401fbf30"},"headline":"Neddeling i b\u00e5de Danmark og Sverige","datePublished":"2015-02-27T19:04:29+00:00","dateModified":"2019-06-20T08:45:53+00:00","mainEntityOfPage":{"@id":"https:\/\/mis.dk\/neddeling-ogsaa-i-sverige\/"},"wordCount":103,"publisher":{"@id":"https:\/\/mis.dk\/#organization"},"image":{"@id":"https:\/\/mis.dk\/neddeling-ogsaa-i-sverige\/#primaryimage"},"thumbnailUrl":"https:\/\/mis.dk\/wp-content\/uploads\/2015\/02\/Neddeling_1160px.jpg","articleSection":["Nyheder"],"inLanguage":"sv-SE"},{"@type":"WebPage","@id":"https:\/\/mis.dk\/neddeling-ogsaa-i-sverige\/","url":"https:\/\/mis.dk\/neddeling-ogsaa-i-sverige\/","name":"Neddeling i b\u00e5de Danmark og Sverige - MIS Recycling","isPartOf":{"@id":"https:\/\/mis.dk\/#website"},"primaryImageOfPage":{"@id":"https:\/\/mis.dk\/neddeling-ogsaa-i-sverige\/#primaryimage"},"image":{"@id":"https:\/\/mis.dk\/neddeling-ogsaa-i-sverige\/#primaryimage"},"thumbnailUrl":"https:\/\/mis.dk\/wp-content\/uploads\/2015\/02\/Neddeling_1160px.jpg","datePublished":"2015-02-27T19:04:29+00:00","dateModified":"2019-06-20T08:45:53+00:00","breadcrumb":{"@id":"https:\/\/mis.dk\/neddeling-ogsaa-i-sverige\/#breadcrumb"},"inLanguage":"sv-SE","potentialAction":[{"@type":"ReadAction","target":["https:\/\/mis.dk\/neddeling-ogsaa-i-sverige\/"]}]},{"@type":"ImageObject","inLanguage":"sv-SE","@id":"https:\/\/mis.dk\/neddeling-ogsaa-i-sverige\/#primaryimage","url":"https:\/\/mis.dk\/wp-content\/uploads\/2015\/02\/Neddeling_1160px.jpg","contentUrl":"https:\/\/mis.dk\/wp-content\/uploads\/2015\/02\/Neddeling_1160px.jpg","width":1160,"height":870},{"@type":"BreadcrumbList","@id":"https:\/\/mis.dk\/neddeling-ogsaa-i-sverige\/#breadcrumb","itemListElement":[{"@type":"ListItem","position":1,"name":"Hjem","item":"https:\/\/mis.dk\/"},{"@type":"ListItem","position":2,"name":"Neddeling i b\u00e5de Danmark og Sverige"}]},{"@type":"WebSite","@id":"https:\/\/mis.dk\/#website","url":"https:\/\/mis.dk\/","name":"MIS Recycling","description":"GENANVENDELSE ER SUND FORNUFT OG GOD \u00d8KONOMI","publisher":{"@id":"https:\/\/mis.dk\/#organization"},"potentialAction":[{"@type":"SearchAction","target":{"@type":"EntryPoint","urlTemplate":"https:\/\/mis.dk\/?s={search_term_string}"},"query-input":{"@type":"PropertyValueSpecification","valueRequired":true,"valueName":"search_term_string"}}],"inLanguage":"sv-SE"},{"@type":"Organization","@id":"https:\/\/mis.dk\/#organization","name":"MIS Recycling","url":"https:\/\/mis.dk\/","logo":{"@type":"ImageObject","inLanguage":"sv-SE","@id":"https:\/\/mis.dk\/#\/schema\/logo\/image\/","url":"https:\/\/mis.dk\/wp-content\/uploads\/2022\/07\/mis-logo.png","contentUrl":"https:\/\/mis.dk\/wp-content\/uploads\/2022\/07\/mis-logo.png","width":110,"height":78,"caption":"MIS Recycling"},"image":{"@id":"https:\/\/mis.dk\/#\/schema\/logo\/image\/"}},{"@type":"Person","@id":"https:\/\/mis.dk\/#\/schema\/person\/93f95070d8ea1ae35e1a6074401fbf30","name":"Webto","sameAs":["https:\/\/webto.dk"],"url":"https:\/\/mis.dk\/sv\/author\/kenneth-nielsen\/"}]}},"_links":{"self":[{"href":"https:\/\/mis.dk\/sv\/wp-json\/wp\/v2\/posts\/2015","targetHints":{"allow":["GET"]}}],"collection":[{"href":"https:\/\/mis.dk\/sv\/wp-json\/wp\/v2\/posts"}],"about":[{"href":"https:\/\/mis.dk\/sv\/wp-json\/wp\/v2\/types\/post"}],"author":[{"embeddable":true,"href":"https:\/\/mis.dk\/sv\/wp-json\/wp\/v2\/users\/12"}],"replies":[{"embeddable":true,"href":"https:\/\/mis.dk\/sv\/wp-json\/wp\/v2\/comments?post=2015"}],"version-history":[{"count":2,"href":"https:\/\/mis.dk\/sv\/wp-json\/wp\/v2\/posts\/2015\/revisions"}],"predecessor-version":[{"id":3265,"href":"https:\/\/mis.dk\/sv\/wp-json\/wp\/v2\/posts\/2015\/revisions\/3265"}],"wp:featuredmedia":[{"embeddable":true,"href":"https:\/\/mis.dk\/sv\/wp-json\/wp\/v2\/media\/2269"}],"wp:attachment":[{"href":"https:\/\/mis.dk\/sv\/wp-json\/wp\/v2\/media?parent=2015"}],"wp:term":[{"taxonomy":"category","embeddable":true,"href":"https:\/\/mis.dk\/sv\/wp-json\/wp\/v2\/categories?post=2015"},{"taxonomy":"post_tag","embeddable":true,"href":"https:\/\/mis.dk\/sv\/wp-json\/wp\/v2\/tags?post=2015"}],"curies":[{"name":"wp","href":"https:\/\/api.w.org\/{rel}","templated":true}]}}